{"id":230,"date":"2023-05-30T06:17:55","date_gmt":"2023-05-30T06:17:55","guid":{"rendered":"https:\/\/efnil.zrc-sazu.si\/vabilo-na-20-letno-konferenco-zdruzenja-efnil\/"},"modified":"2023-09-01T12:14:04","modified_gmt":"2023-09-01T12:14:04","slug":"vabilo-na-20-letno-konferenco-zdruzenja-efnil","status":"publish","type":"post","link":"https:\/\/efnil.zrc-sazu.si\/sl\/vabilo-na-20-letno-konferenco-zdruzenja-efnil\/","title":{"rendered":"Vabilo na 20. letno konferenco zdru\u017eenja EFNIL"},"content":{"rendered":"<p>Spo\u0161tovani kolegi,<\/p>\n<p>In\u0161titut za slovenski jezik Frana Ramov\u0161a ima \u010dast, da vas povabi na 20. letno konferenco Evropskega zdru\u017eenja nacionalnih ustanov za jezik (EFNIL), ki bo potekala v Ljubljani v Sloveniji 11., 12. in 13. oktobra 2023.<\/p>\n<p>Tema konference je: <strong>Od ljudi za ljudi: spletni slovarji, jezikovni portali in vloga jezikovnih uporabnikov<\/strong>.<\/p>\n<p>Konferenca bo potekala v prostorih Atrija ZRC na ZRC SAZU (Novi trg 2, Ljubljana). Sobe v Hotelu Slon (Slovenska cesta 30, Ljubljana) bodo rezervirane za vabljene govorce, po dva delegata iz vsake dr\u017eave \u010dlanice in za po enega delegata z vsake pridru\u017eene ustanove. Prosimo, da nam \u010dim prej sporo\u010dite, \u010de \u017eelite na lastne stro\u0161ke prijaviti nedelegate \u2013 govorce ali druge osebe.<\/p>\n<p>V sredo, 11. oktobra, zve\u010der bosta potekala gala dogodek in sprejem v \u010dast obele\u017eitvi 20. obletnice zdru\u017eenja EFNIL in \u0160krab\u010deve ustanove. Konferen\u010dna ve\u010derja bo v \u010detrtek, 12. oktobra, zve\u010der.<\/p>\n<p>20. konferenca zdru\u017eenja EFNIL bo trajala dva dneva in pol. Ob\u010dni zbor bo v sredo, 11. oktobra, ob 15.00. Konferenca bo potekala 12. oktobra (jutranji in popoldanski sklop) in 13. oktobra (jutranji sklop). \u010clane delegacij prosimo, naj svojo prisotnost in pot v Ljubljano na\u010drtujejo tako, da bodo prisotni na ob\u010dnem zboru. Z letalom je mogo\u010de potovati do ljubljanskega letali\u0161\u010da. \u010ce neposreden let iz va\u0161e dr\u017eave v Ljubljano ni na voljo, lahko letite tudi v Trst (ena ura vo\u017enje), Zagreb (ura in pol vo\u017enje), Gradec ali Benetke ter uporabite cenovno dostopnega ponudnika prevozov <a href=\"https:\/\/www.goopti.com\/en\/\">GoOpti<\/a>. Vse informacije o konferenci bodo na voljo na tej spletni strani.<\/p>\n<p>Okvirni program najdete <a href=\"https:\/\/efnil.zrc-sazu.si\/sl\/program-konference\/\">tukaj<\/a>.<\/p>\n<p>Stro\u0161ke konferen\u010dnih gradiv, nastanitve za dve no\u010di, kosila in ve\u010derje bo poravnal EFNIL.<\/p>\n<p>Vljudno vas prosimo, da svojo udele\u017ebo potrdite z izpolnitvijo spletnega obrazca (https:\/\/forms.gle\/vDuNAezYvfDDxTaq8) <strong>najkasneje do 30. junija 2023<\/strong>. Opozarjamo, da udele\u017eba na daljavo preko spleta ne bo mogo\u010da.<\/p>\n<p>Veselimo se oktobrskega snidenja v Ljubljani!<\/p>\n<p>Z lepimi pozdravi,<\/p>\n<p>Sabine Kirchmeier<br \/>\npredsednica EFNIL<\/p>\n<p>Kozma Aha\u010di\u010d<br \/>\npredstojnik In\u0161tituta za slovenski jezik Frana Ramov\u0161a ZRC SAZU<\/p>\n","protected":false},"excerpt":{"rendered":"<p>Spo\u0161tovani kolegi, In\u0161titut za slovenski jezik Frana Ramov\u0161a ima \u010dast, da vas povabi na 20. letno konferenco Evropskega zdru\u017eenja nacionalnih ustanov za jezik (EFNIL), ki bo potekala v Ljubljani v Sloveniji 11., 12. in 13. oktobra 2023. Tema konference je: Od ljudi za ljudi: spletni slovarji, jezikovni portali in vloga jezikovnih uporabnikov. Konferenca bo potekala &hellip; <\/p>\n<p class=\"link-more\"><a href=\"https:\/\/efnil.zrc-sazu.si\/sl\/vabilo-na-20-letno-konferenco-zdruzenja-efnil\/\" class=\"more-link\">Continue reading<span class=\"screen-reader-text\"> &#8220;Vabilo na 20. letno konferenco zdru\u017eenja EFNIL&#8221;<\/span><\/a><\/p>\n","protected":false},"author":2,"featured_media":0,"comment_status":"closed","ping_status":"closed","sticky":false,"template":"","format":"standard","meta":{"footnotes":""},"categories":[4],"tags":[],"class_list":["post-230","post","type-post","status-publish","format-standard","hentry","category-uncategorized-sl"],"_links":{"self":[{"href":"https:\/\/efnil.zrc-sazu.si\/sl\/wp-json\/wp\/v2\/posts\/230","targetHints":{"allow":["GET"]}}],"collection":[{"href":"https:\/\/efnil.zrc-sazu.si\/sl\/wp-json\/wp\/v2\/posts"}],"about":[{"href":"https:\/\/efnil.zrc-sazu.si\/sl\/wp-json\/wp\/v2\/types\/post"}],"author":[{"embeddable":true,"href":"https:\/\/efnil.zrc-sazu.si\/sl\/wp-json\/wp\/v2\/users\/2"}],"replies":[{"embeddable":true,"href":"https:\/\/efnil.zrc-sazu.si\/sl\/wp-json\/wp\/v2\/comments?post=230"}],"version-history":[{"count":1,"href":"https:\/\/efnil.zrc-sazu.si\/sl\/wp-json\/wp\/v2\/posts\/230\/revisions"}],"predecessor-version":[{"id":310,"href":"https:\/\/efnil.zrc-sazu.si\/sl\/wp-json\/wp\/v2\/posts\/230\/revisions\/310"}],"wp:attachment":[{"href":"https:\/\/efnil.zrc-sazu.si\/sl\/wp-json\/wp\/v2\/media?parent=230"}],"wp:term":[{"taxonomy":"category","embeddable":true,"href":"https:\/\/efnil.zrc-sazu.si\/sl\/wp-json\/wp\/v2\/categories?post=230"},{"taxonomy":"post_tag","embeddable":true,"href":"https:\/\/efnil.zrc-sazu.si\/sl\/wp-json\/wp\/v2\/tags?post=230"}],"curies":[{"name":"wp","href":"https:\/\/api.w.org\/{rel}","templated":true}]}}